{"id":5687,"date":"2025-03-02T17:22:33","date_gmt":"2025-03-02T17:22:33","guid":{"rendered":"https:\/\/growthcommission.org\/?p=5687"},"modified":"2025-03-02T17:22:33","modified_gmt":"2025-03-02T17:22:33","slug":"fremtiden-for-privatleasing-i-2025-tendenser-og-muligheder","status":"publish","type":"post","link":"https:\/\/growthcommission.org\/da\/fremtiden-for-privatleasing-i-2025-tendenser-og-muligheder\/","title":{"rendered":"Fremtiden for privatleasing i 2025 \u2013 tendenser og muligheder"},"content":{"rendered":"<p>Privatleasing har set en markant stigning i popularitet som en fleksibel l\u00f8sning for bilkunder. I takt med at vi er i 2025, er det vigtigt at forst\u00e5 de kommende tendenser inden for denne sektor. Med s\u00e6rligt fokus p\u00e5 elektriske k\u00f8ret\u00f8jer vil privatleasing forts\u00e6tte med at transformere, drevet af innovationer og nye kundepr\u00e6ferencer.<\/p>\n<p>Privatleasing er blevet en integreret del af bilmarkedet, hvor flere v\u00e6lger denne l\u00f8sning for at undg\u00e5 de traditionelle bekymringer ved bilk\u00f8b. Det giver dig muligheden for at k\u00f8re nye biler uden at skulle t\u00e6nke p\u00e5 store engangsudgifter eller v\u00e6rdiforringelse. I lyset af disse fordele bliver det afg\u00f8rende at holde \u00f8je med, hvordan markedet udvikler sig i l\u00f8bet af 2025. S\u00e6rligt interessant er det at se p\u00e5\u00a0<a href=\"https:\/\/www.ondriveleasing.dk\/privatleasing\/el-biler\" target=\"_blank\" rel=\"noopener\">privatleasing elbil<\/a>, som repr\u00e6senterer en betydelig del af fremtidens muligheder inden for leasing.<\/p>\n<h2>Den nuv\u00e6rende tilstand af privatleasing<\/h2>\n<p>Det nuv\u00e6rende privatleasingmarked er pr\u00e6get af en r\u00e6kke n\u00f8glespillere, der dominerer med varierende markedsandele. Store bilproducenter og specialiserede leasingselskaber tilbyder forskellige modeller til attraktive priser, hvilket g\u00f8r privatleasing og privatleasing elbil tilg\u00e6ngeligt for et bredt publikum. Markedet ser is\u00e6r en stigende interesse for elektriske k\u00f8ret\u00f8jer, som udg\u00f8r et v\u00e6sentligt segment i leasingaftalerne.<\/p>\n<p>Privatleasing af elektriske biler er ikke kun et sp\u00f8rgsm\u00e5l om \u00f8konomi; det handler ogs\u00e5 om at tage ansvar for milj\u00f8et. De mest leasede biler i dag inkluderer elbiler, der tilbyder lavere driftsomkostninger og mindre milj\u00f8p\u00e5virkning end traditionelle biler. Denne tendens forventes kun at vokse i takt med, at\u00a0<a href=\"https:\/\/teknologisk-udvikling.dk\/\" target=\"_blank\" rel=\"noopener\">teknologi<\/a>\u00a0og opladningsinfrastruktur forts\u00e6tter med at udvikle sig.<\/p>\n<p>Forst\u00e5elsen af markedets nuv\u00e6rende tilstand er central for at kunne navigere i fremtidige muligheder. Der er mange faktorer, der p\u00e5virker beslutningen om leasing, herunder finansielle incitamenter og teknologiske fremskridt inden for bilindustrien. Disse elementer spiller alle en rolle i den stigende popularitet af privatleasing.<\/p>\n<h2>Tendenser der former privatleasing i 2025<\/h2>\n<p>I takt med \u00f8konomiske skift som \u00e6ndrede\u00a0<a href=\"https:\/\/www.nationalbanken.dk\/da\/vores-arbejde\/stabile-priser-pengepolitik-og-dansk-oekonomi\/officielle-rentesatser\" target=\"_blank\" rel=\"noopener\">rentesatser<\/a>\u00a0og tilg\u00e6ngelighed af forbrugerkredit vil privatleasing fortsat opleve \u00e6ndringer. Den \u00f8konomiske stabilitet og l\u00e5nemuligheder har stor indflydelse p\u00e5 b\u00e5de udbuddet og eftersp\u00f8rgslen efter leasingaftaler. Du kan forvente, at flere forbrugere vil s\u00f8ge mod leasing som en finansielt fordelagtig l\u00f8sning.<\/p>\n<p>Teknologiske innovationer inden for k\u00f8ret\u00f8jer, is\u00e6r elektriske modeller, spiller ogs\u00e5 en afg\u00f8rende rolle i fremtidens privatleasinglandskab. Elbiler udstyres med avancerede funktioner s\u00e5som l\u00e6ngere r\u00e6kkevidde og hurtigere opladningstider, hvilket g\u00f8r dem mere attraktive for leasingkunder. Disse teknologier g\u00f8r leasingaftalerne mere sp\u00e6ndende og tiltalende.<\/p>\n<p>Milj\u00f8m\u00e6ssige regler og statslige incitamenter fremmer yderligere adoptionen af elbiler gennem leasing. Regeringer over hele verden implementerer politikker for at reducere CO2-udledningen, hvilket g\u00f8r leasing af elbiler til en praktisk l\u00f8sning b\u00e5de \u00f8konomisk og milj\u00f8m\u00e6ssigt. Dette skaber et unikt potentiale for v\u00e6kst inden for markedet af privatleasing.<\/p>\n<h2>Rollen af elektriske k\u00f8ret\u00f8jer i privatleasing<\/h2>\n<p>Den stigende eftersp\u00f8rgsel efter elektriske k\u00f8ret\u00f8jer p\u00e5 leasingmarkedet skyldes mange faktorer, ikke mindst de \u00f8konomiske og milj\u00f8m\u00e6ssige fordele de tilbyder. Ved at v\u00e6lge privatleasing elbil gennem privatleasing f\u00e5r du adgang til k\u00f8ret\u00f8jer med lavere driftsomkostninger samt reduceret CO2-aftryk. Dette g\u00f8r dem til et attraktivt valg for den bevidste forbruger.<\/p>\n<p>Fordelene ved at lease elbiler str\u00e6kker sig ud over omkostningsbesparelser; de inkluderer ogs\u00e5 komforten ved nyere teknologier s\u00e5som avancerede sikkerhedsfunktioner og bedre k\u00f8regl\u00e6de. Det er vigtigt at overveje disse aspekter sammen med udfordringer som opladningsinfrastruktur og korte r\u00e6kkevidder, n\u00e5r man beslutter sig for en leasingaftale.<\/p>\n<p>For mange kan leasing af elbiler v\u00e6re en vej til innovation uden langvarig investering eller risikoen ved ejerskab. Mens udfordringerne kan v\u00e6re betydelige, tilbyder dette segment ogs\u00e5 unikke muligheder i takt med teknologiens udvikling.<\/p>\n<h2>Muligheder for v\u00e6kst i privatleasing<\/h2>\n<p>I takt med den stigende interesse fra forbrugerne i fleksible ejerskabsmodeller vokser potentialet for udvidelse af privatleasingmarkedet eksponentielt. Der er et klart skifte hen imod tjenester, der kan give st\u00f8rre frihed og mindre ansvar ved bilbrug. Dette skifte \u00e5bner d\u00f8rene til nye m\u00e5der hvorp\u00e5 virksomheder kan skr\u00e6ddersy deres tilbud til kundernes behov.<\/p>\n<p>Innovative leasingaftaler og tjenester kan v\u00e6re afg\u00f8rende faktorer i at tiltr\u00e6kke flere kunder. Nye former for aftaler kan tilbyde fleksibilitet i brug og betaling, mens digitale platforme forbedrer kundernes samlede oplevelse ved nem adgang til information og administration online.<\/p>\n","protected":false},"excerpt":{"rendered":"<p>Privatleasing har set en markant stigning i popularitet som en fleksibel l\u00f8sning for bilkunder. I takt med at vi er i 2025, er det vigtigt at forst\u00e5 de kommende tendenser&hellip; <\/p>\n","protected":false},"author":1,"featured_media":5688,"comment_status":"closed","ping_status":"closed","sticky":false,"template":"","format":"standard","meta":{"footnotes":""},"categories":[65],"tags":[],"class_list":["post-5687","post","type-post","status-publish","format-standard","has-post-thumbnail","hentry","category-oekonomi"],"yoast_head":"<!-- This site is optimized with the Yoast SEO plugin v27.5 - https:\/\/yoast.com\/product\/yoast-seo-wordpress\/ -->\n<title>Fremtiden for privatleasing i 2025 \u2013 tendenser og muligheder - Growth Commission<\/title>\n<meta name=\"description\" content=\"Privatleasing har set en markant stigning i popularitet som en fleksibel l\u00f8sning for bilkunder. I takt med at vi er i 2025, er det vigtigt at forst\u00e5 de kommende tendenser inden for denne sektor.\" \/>\n<meta name=\"robots\" content=\"index, follow, max-snippet:-1, max-image-preview:large, max-video-preview:-1\" \/>\n<link rel=\"canonical\" href=\"https:\/\/growthcommission.org\/da\/fremtiden-for-privatleasing-i-2025-tendenser-og-muligheder\/\" \/>\n<meta property=\"og:locale\" content=\"da_DK\" \/>\n<meta property=\"og:type\" content=\"article\" \/>\n<meta property=\"og:title\" content=\"Fremtiden for privatleasing i 2025 \u2013 tendenser og muligheder - Growth Commission\" \/>\n<meta property=\"og:description\" content=\"Privatleasing har set en markant stigning i popularitet som en fleksibel l\u00f8sning for bilkunder. I takt med at vi er i 2025, er det vigtigt at forst\u00e5 de kommende tendenser inden for denne sektor.\" \/>\n<meta property=\"og:url\" content=\"https:\/\/growthcommission.org\/da\/fremtiden-for-privatleasing-i-2025-tendenser-og-muligheder\/\" \/>\n<meta property=\"og:site_name\" content=\"Growth Commission\" \/>\n<meta property=\"article:published_time\" content=\"2025-03-02T17:22:33+00:00\" \/>\n<meta property=\"og:image\" content=\"https:\/\/growthcommission.org\/wp-content\/uploads\/2025\/03\/Fremtiden-for-privatleasing-i-2025-\u2013-tendenser-og-muligheder.png\" \/>\n\t<meta property=\"og:image:width\" content=\"1200\" \/>\n\t<meta property=\"og:image:height\" content=\"686\" \/>\n\t<meta property=\"og:image:type\" content=\"image\/png\" \/>\n<meta name=\"author\" content=\"GC\" \/>\n<meta name=\"twitter:card\" content=\"summary_large_image\" \/>\n<meta name=\"twitter:label1\" content=\"Skrevet af\" \/>\n\t<meta name=\"twitter:data1\" content=\"GC\" \/>\n\t<meta name=\"twitter:label2\" content=\"Estimeret l\u00e6setid\" \/>\n\t<meta name=\"twitter:data2\" content=\"4 minutter\" \/>\n<script type=\"application\/ld+json\" class=\"yoast-schema-graph\">{\"@context\":\"https:\\\/\\\/schema.org\",\"@graph\":[{\"@type\":\"Article\",\"@id\":\"https:\\\/\\\/growthcommission.org\\\/da\\\/fremtiden-for-privatleasing-i-2025-tendenser-og-muligheder\\\/#article\",\"isPartOf\":{\"@id\":\"https:\\\/\\\/growthcommission.org\\\/da\\\/fremtiden-for-privatleasing-i-2025-tendenser-og-muligheder\\\/\"},\"author\":{\"name\":\"GC\",\"@id\":\"https:\\\/\\\/growthcommission.org\\\/da\\\/#\\\/schema\\\/person\\\/11e0d028f554303e03490be60d436695\"},\"headline\":\"Fremtiden for privatleasing i 2025 \u2013 tendenser og muligheder\",\"datePublished\":\"2025-03-02T17:22:33+00:00\",\"mainEntityOfPage\":{\"@id\":\"https:\\\/\\\/growthcommission.org\\\/da\\\/fremtiden-for-privatleasing-i-2025-tendenser-og-muligheder\\\/\"},\"wordCount\":755,\"image\":{\"@id\":\"https:\\\/\\\/growthcommission.org\\\/da\\\/fremtiden-for-privatleasing-i-2025-tendenser-og-muligheder\\\/#primaryimage\"},\"thumbnailUrl\":\"https:\\\/\\\/growthcommission.org\\\/wp-content\\\/uploads\\\/2025\\\/03\\\/Fremtiden-for-privatleasing-i-2025-\u2013-tendenser-og-muligheder.png\",\"articleSection\":[\"\u00d8konomi\"],\"inLanguage\":\"da-DK\"},{\"@type\":\"WebPage\",\"@id\":\"https:\\\/\\\/growthcommission.org\\\/da\\\/fremtiden-for-privatleasing-i-2025-tendenser-og-muligheder\\\/\",\"url\":\"https:\\\/\\\/growthcommission.org\\\/da\\\/fremtiden-for-privatleasing-i-2025-tendenser-og-muligheder\\\/\",\"name\":\"Fremtiden for privatleasing i 2025 \u2013 tendenser og muligheder - Growth Commission\",\"isPartOf\":{\"@id\":\"https:\\\/\\\/growthcommission.org\\\/da\\\/#website\"},\"primaryImageOfPage\":{\"@id\":\"https:\\\/\\\/growthcommission.org\\\/da\\\/fremtiden-for-privatleasing-i-2025-tendenser-og-muligheder\\\/#primaryimage\"},\"image\":{\"@id\":\"https:\\\/\\\/growthcommission.org\\\/da\\\/fremtiden-for-privatleasing-i-2025-tendenser-og-muligheder\\\/#primaryimage\"},\"thumbnailUrl\":\"https:\\\/\\\/growthcommission.org\\\/wp-content\\\/uploads\\\/2025\\\/03\\\/Fremtiden-for-privatleasing-i-2025-\u2013-tendenser-og-muligheder.png\",\"datePublished\":\"2025-03-02T17:22:33+00:00\",\"author\":{\"@id\":\"https:\\\/\\\/growthcommission.org\\\/da\\\/#\\\/schema\\\/person\\\/11e0d028f554303e03490be60d436695\"},\"description\":\"Privatleasing har set en markant stigning i popularitet som en fleksibel l\u00f8sning for bilkunder. I takt med at vi er i 2025, er det vigtigt at forst\u00e5 de kommende tendenser inden for denne sektor.\",\"breadcrumb\":{\"@id\":\"https:\\\/\\\/growthcommission.org\\\/da\\\/fremtiden-for-privatleasing-i-2025-tendenser-og-muligheder\\\/#breadcrumb\"},\"inLanguage\":\"da-DK\",\"potentialAction\":[{\"@type\":\"ReadAction\",\"target\":[\"https:\\\/\\\/growthcommission.org\\\/da\\\/fremtiden-for-privatleasing-i-2025-tendenser-og-muligheder\\\/\"]}]},{\"@type\":\"ImageObject\",\"inLanguage\":\"da-DK\",\"@id\":\"https:\\\/\\\/growthcommission.org\\\/da\\\/fremtiden-for-privatleasing-i-2025-tendenser-og-muligheder\\\/#primaryimage\",\"url\":\"https:\\\/\\\/growthcommission.org\\\/wp-content\\\/uploads\\\/2025\\\/03\\\/Fremtiden-for-privatleasing-i-2025-\u2013-tendenser-og-muligheder.png\",\"contentUrl\":\"https:\\\/\\\/growthcommission.org\\\/wp-content\\\/uploads\\\/2025\\\/03\\\/Fremtiden-for-privatleasing-i-2025-\u2013-tendenser-og-muligheder.png\",\"width\":1200,\"height\":686,\"caption\":\"Fremtiden for privatleasing i 2025 \u2013 tendenser og muligheder\"},{\"@type\":\"BreadcrumbList\",\"@id\":\"https:\\\/\\\/growthcommission.org\\\/da\\\/fremtiden-for-privatleasing-i-2025-tendenser-og-muligheder\\\/#breadcrumb\",\"itemListElement\":[{\"@type\":\"ListItem\",\"position\":1,\"name\":\"Home\",\"item\":\"https:\\\/\\\/growthcommission.org\\\/da\\\/\"},{\"@type\":\"ListItem\",\"position\":2,\"name\":\"\u00d8konomi\",\"item\":\"https:\\\/\\\/growthcommission.org\\\/da\\\/oekonomi\\\/\"},{\"@type\":\"ListItem\",\"position\":3,\"name\":\"Fremtiden for privatleasing i 2025 \u2013 tendenser og muligheder\"}]},{\"@type\":\"WebSite\",\"@id\":\"https:\\\/\\\/growthcommission.org\\\/da\\\/#website\",\"url\":\"https:\\\/\\\/growthcommission.org\\\/da\\\/\",\"name\":\"Growth Commission\",\"description\":\"Latest News &amp; Top Stories\",\"potentialAction\":[{\"@type\":\"SearchAction\",\"target\":{\"@type\":\"EntryPoint\",\"urlTemplate\":\"https:\\\/\\\/growthcommission.org\\\/da\\\/?s={search_term_string}\"},\"query-input\":{\"@type\":\"PropertyValueSpecification\",\"valueRequired\":true,\"valueName\":\"search_term_string\"}}],\"inLanguage\":\"da-DK\"},{\"@type\":\"Person\",\"@id\":\"https:\\\/\\\/growthcommission.org\\\/da\\\/#\\\/schema\\\/person\\\/11e0d028f554303e03490be60d436695\",\"name\":\"GC\",\"image\":{\"@type\":\"ImageObject\",\"inLanguage\":\"da-DK\",\"@id\":\"https:\\\/\\\/secure.gravatar.com\\\/avatar\\\/131ec68cb5bc10d375507c2d18427ae1a6feebc24c6e4e18d0047200c34227a6?s=96&d=mm&r=g\",\"url\":\"https:\\\/\\\/secure.gravatar.com\\\/avatar\\\/131ec68cb5bc10d375507c2d18427ae1a6feebc24c6e4e18d0047200c34227a6?s=96&d=mm&r=g\",\"contentUrl\":\"https:\\\/\\\/secure.gravatar.com\\\/avatar\\\/131ec68cb5bc10d375507c2d18427ae1a6feebc24c6e4e18d0047200c34227a6?s=96&d=mm&r=g\",\"caption\":\"GC\"},\"sameAs\":[\"https:\\\/\\\/growthcommission.org\"],\"url\":\"https:\\\/\\\/growthcommission.org\\\/da\\\/author\\\/gcadmin\\\/\"}]}<\/script>\n<!-- \/ Yoast SEO plugin. -->","yoast_head_json":{"title":"Fremtiden for privatleasing i 2025 \u2013 tendenser og muligheder - Growth Commission","description":"Privatleasing har set en markant stigning i popularitet som en fleksibel l\u00f8sning for bilkunder. I takt med at vi er i 2025, er det vigtigt at forst\u00e5 de kommende tendenser inden for denne sektor.","robots":{"index":"index","follow":"follow","max-snippet":"max-snippet:-1","max-image-preview":"max-image-preview:large","max-video-preview":"max-video-preview:-1"},"canonical":"https:\/\/growthcommission.org\/da\/fremtiden-for-privatleasing-i-2025-tendenser-og-muligheder\/","og_locale":"da_DK","og_type":"article","og_title":"Fremtiden for privatleasing i 2025 \u2013 tendenser og muligheder - Growth Commission","og_description":"Privatleasing har set en markant stigning i popularitet som en fleksibel l\u00f8sning for bilkunder. I takt med at vi er i 2025, er det vigtigt at forst\u00e5 de kommende tendenser inden for denne sektor.","og_url":"https:\/\/growthcommission.org\/da\/fremtiden-for-privatleasing-i-2025-tendenser-og-muligheder\/","og_site_name":"Growth Commission","article_published_time":"2025-03-02T17:22:33+00:00","og_image":[{"width":1200,"height":686,"url":"https:\/\/growthcommission.org\/wp-content\/uploads\/2025\/03\/Fremtiden-for-privatleasing-i-2025-\u2013-tendenser-og-muligheder.png","type":"image\/png"}],"author":"GC","twitter_card":"summary_large_image","twitter_misc":{"Skrevet af":"GC","Estimeret l\u00e6setid":"4 minutter"},"schema":{"@context":"https:\/\/schema.org","@graph":[{"@type":"Article","@id":"https:\/\/growthcommission.org\/da\/fremtiden-for-privatleasing-i-2025-tendenser-og-muligheder\/#article","isPartOf":{"@id":"https:\/\/growthcommission.org\/da\/fremtiden-for-privatleasing-i-2025-tendenser-og-muligheder\/"},"author":{"name":"GC","@id":"https:\/\/growthcommission.org\/da\/#\/schema\/person\/11e0d028f554303e03490be60d436695"},"headline":"Fremtiden for privatleasing i 2025 \u2013 tendenser og muligheder","datePublished":"2025-03-02T17:22:33+00:00","mainEntityOfPage":{"@id":"https:\/\/growthcommission.org\/da\/fremtiden-for-privatleasing-i-2025-tendenser-og-muligheder\/"},"wordCount":755,"image":{"@id":"https:\/\/growthcommission.org\/da\/fremtiden-for-privatleasing-i-2025-tendenser-og-muligheder\/#primaryimage"},"thumbnailUrl":"https:\/\/growthcommission.org\/wp-content\/uploads\/2025\/03\/Fremtiden-for-privatleasing-i-2025-\u2013-tendenser-og-muligheder.png","articleSection":["\u00d8konomi"],"inLanguage":"da-DK"},{"@type":"WebPage","@id":"https:\/\/growthcommission.org\/da\/fremtiden-for-privatleasing-i-2025-tendenser-og-muligheder\/","url":"https:\/\/growthcommission.org\/da\/fremtiden-for-privatleasing-i-2025-tendenser-og-muligheder\/","name":"Fremtiden for privatleasing i 2025 \u2013 tendenser og muligheder - Growth Commission","isPartOf":{"@id":"https:\/\/growthcommission.org\/da\/#website"},"primaryImageOfPage":{"@id":"https:\/\/growthcommission.org\/da\/fremtiden-for-privatleasing-i-2025-tendenser-og-muligheder\/#primaryimage"},"image":{"@id":"https:\/\/growthcommission.org\/da\/fremtiden-for-privatleasing-i-2025-tendenser-og-muligheder\/#primaryimage"},"thumbnailUrl":"https:\/\/growthcommission.org\/wp-content\/uploads\/2025\/03\/Fremtiden-for-privatleasing-i-2025-\u2013-tendenser-og-muligheder.png","datePublished":"2025-03-02T17:22:33+00:00","author":{"@id":"https:\/\/growthcommission.org\/da\/#\/schema\/person\/11e0d028f554303e03490be60d436695"},"description":"Privatleasing har set en markant stigning i popularitet som en fleksibel l\u00f8sning for bilkunder. I takt med at vi er i 2025, er det vigtigt at forst\u00e5 de kommende tendenser inden for denne sektor.","breadcrumb":{"@id":"https:\/\/growthcommission.org\/da\/fremtiden-for-privatleasing-i-2025-tendenser-og-muligheder\/#breadcrumb"},"inLanguage":"da-DK","potentialAction":[{"@type":"ReadAction","target":["https:\/\/growthcommission.org\/da\/fremtiden-for-privatleasing-i-2025-tendenser-og-muligheder\/"]}]},{"@type":"ImageObject","inLanguage":"da-DK","@id":"https:\/\/growthcommission.org\/da\/fremtiden-for-privatleasing-i-2025-tendenser-og-muligheder\/#primaryimage","url":"https:\/\/growthcommission.org\/wp-content\/uploads\/2025\/03\/Fremtiden-for-privatleasing-i-2025-\u2013-tendenser-og-muligheder.png","contentUrl":"https:\/\/growthcommission.org\/wp-content\/uploads\/2025\/03\/Fremtiden-for-privatleasing-i-2025-\u2013-tendenser-og-muligheder.png","width":1200,"height":686,"caption":"Fremtiden for privatleasing i 2025 \u2013 tendenser og muligheder"},{"@type":"BreadcrumbList","@id":"https:\/\/growthcommission.org\/da\/fremtiden-for-privatleasing-i-2025-tendenser-og-muligheder\/#breadcrumb","itemListElement":[{"@type":"ListItem","position":1,"name":"Home","item":"https:\/\/growthcommission.org\/da\/"},{"@type":"ListItem","position":2,"name":"\u00d8konomi","item":"https:\/\/growthcommission.org\/da\/oekonomi\/"},{"@type":"ListItem","position":3,"name":"Fremtiden for privatleasing i 2025 \u2013 tendenser og muligheder"}]},{"@type":"WebSite","@id":"https:\/\/growthcommission.org\/da\/#website","url":"https:\/\/growthcommission.org\/da\/","name":"Growth Commission","description":"Latest News &amp; Top Stories","potentialAction":[{"@type":"SearchAction","target":{"@type":"EntryPoint","urlTemplate":"https:\/\/growthcommission.org\/da\/?s={search_term_string}"},"query-input":{"@type":"PropertyValueSpecification","valueRequired":true,"valueName":"search_term_string"}}],"inLanguage":"da-DK"},{"@type":"Person","@id":"https:\/\/growthcommission.org\/da\/#\/schema\/person\/11e0d028f554303e03490be60d436695","name":"GC","image":{"@type":"ImageObject","inLanguage":"da-DK","@id":"https:\/\/secure.gravatar.com\/avatar\/131ec68cb5bc10d375507c2d18427ae1a6feebc24c6e4e18d0047200c34227a6?s=96&d=mm&r=g","url":"https:\/\/secure.gravatar.com\/avatar\/131ec68cb5bc10d375507c2d18427ae1a6feebc24c6e4e18d0047200c34227a6?s=96&d=mm&r=g","contentUrl":"https:\/\/secure.gravatar.com\/avatar\/131ec68cb5bc10d375507c2d18427ae1a6feebc24c6e4e18d0047200c34227a6?s=96&d=mm&r=g","caption":"GC"},"sameAs":["https:\/\/growthcommission.org"],"url":"https:\/\/growthcommission.org\/da\/author\/gcadmin\/"}]}},"_links":{"self":[{"href":"https:\/\/growthcommission.org\/da\/wp-json\/wp\/v2\/posts\/5687","targetHints":{"allow":["GET"]}}],"collection":[{"href":"https:\/\/growthcommission.org\/da\/wp-json\/wp\/v2\/posts"}],"about":[{"href":"https:\/\/growthcommission.org\/da\/wp-json\/wp\/v2\/types\/post"}],"author":[{"embeddable":true,"href":"https:\/\/growthcommission.org\/da\/wp-json\/wp\/v2\/users\/1"}],"replies":[{"embeddable":true,"href":"https:\/\/growthcommission.org\/da\/wp-json\/wp\/v2\/comments?post=5687"}],"version-history":[{"count":1,"href":"https:\/\/growthcommission.org\/da\/wp-json\/wp\/v2\/posts\/5687\/revisions"}],"predecessor-version":[{"id":5698,"href":"https:\/\/growthcommission.org\/da\/wp-json\/wp\/v2\/posts\/5687\/revisions\/5698"}],"wp:featuredmedia":[{"embeddable":true,"href":"https:\/\/growthcommission.org\/da\/wp-json\/wp\/v2\/media\/5688"}],"wp:attachment":[{"href":"https:\/\/growthcommission.org\/da\/wp-json\/wp\/v2\/media?parent=5687"}],"wp:term":[{"taxonomy":"category","embeddable":true,"href":"https:\/\/growthcommission.org\/da\/wp-json\/wp\/v2\/categories?post=5687"},{"taxonomy":"post_tag","embeddable":true,"href":"https:\/\/growthcommission.org\/da\/wp-json\/wp\/v2\/tags?post=5687"}],"curies":[{"name":"wp","href":"https:\/\/api.w.org\/{rel}","templated":true}]}}